{"id":1090,"date":"2013-10-25T10:03:36","date_gmt":"2013-10-25T10:03:36","guid":{"rendered":"http:\/\/www.cemyri.es\/?p=1090"},"modified":"2020-01-23T15:51:04","modified_gmt":"2020-01-23T15:51:04","slug":"curso-de-formacion-en-mediacion-transnacional","status":"publish","type":"post","link":"https:\/\/cemyri.es\/es\/2013\/10\/25\/curso-de-formacion-en-mediacion-transnacional\/","title":{"rendered":"Curso de formaci\u00f3n en MEDIACI\u00d3N TRANSNACIONAL"},"content":{"rendered":"<p><a href=\"http:\/\/www.cemyri.es\/wp-content\/uploads\/logotipo_paralelo.jpg\"><img loading=\"lazy\" decoding=\"async\" class=\"aligncenter size-full wp-image-893\" src=\"http:\/\/www.cemyri.es\/wp-content\/uploads\/logotipo_paralelo.jpg\" alt=\"logotipo_paralelo\" width=\"210\" height=\"100\" \/><\/a><\/p>\n<p>Del 31 de octubre al 2 de noviembre tendr\u00e1 lugar en T\u00e1nger (Marruecos), el Curso de formaci\u00f3n en MEDIACI\u00d3N TRANSNACIONAL, que organiza la Universidad de Almer\u00eda a trav\u00e9s del CEMyRI , junto con la Agencia P\u00fablica Empresarial Sanitaria Hospital de Poniente (Consejer\u00eda de Igualdad, Salud y Pol\u00edticas Sociales), la Direcci\u00f3n General de Coordinaci\u00f3n de Pol\u00edticas Migratorias (Consejer\u00eda de Justicia e Interior), el Instituto Nacional de Acci\u00f3n Social de T\u00e1nger (INAS) y el Instituto Superior de Estudios de Turismo (ISITT).<\/p>\n<p>Este curso forma parte \u00a0del\u00a0proyecto <em>Capacitaci\u00f3n y Estrategias para el trabajo en intervenci\u00f3n social y preparaci\u00f3n para la mejora del empleo<\/em>, \u00abPARALELO 36 (CIME-AM)\u00bb, enmarcado en el Programa Operativo de Cooperaci\u00f3n Transfronteriza Espa\u00f1a \u2013 Fronteras exteriores (POCTEFEX) y cofinanciado por el Fondo Europeo de Desarrollo Regional (FEDER).<\/p>\n<p>El objetivo principal del curso es dotar a los participantes de formaci\u00f3n te\u00f3rico-pr\u00e1ctica relacionada con la mediaci\u00f3n trasnacional en contextos interculturales, y capacitar t\u00e9cnicamente a profesionales y estudiantes relacionados con el trabajo social y el turismo.<\/p>\n<p>El programa del curso lo integran expertos de reconocido prestigio del \u00e1mbito de la mediaci\u00f3n intercultural, el patrimonio cultural, el turismo, el trabajo social y la intervenci\u00f3n sociosanitaria de Espa\u00f1a y Marruecos. El cierre del curso ser\u00e1 una visita guiada por expertos en patrimonio cultural a Chefchaouen.<\/p>\n<p>CEMyRI<\/p>\n<p>950214421<\/p>\n<p>paralelo@ual.es<\/p>\n<p>&nbsp;<\/p>\n","protected":false},"excerpt":{"rendered":"<p>Del 31 de octubre al 2 de noviembre tendr\u00e1 lugar en T\u00e1nger (Marruecos), el Curso de formaci\u00f3n en MEDIACI\u00d3N TRANSNACIONAL, que organiza la Universidad de Almer\u00eda a trav\u00e9s del CEMyRI , junto con la Agencia P\u00fablica Empresarial Sanitaria Hospital de Poniente (Consejer\u00eda de Igualdad, Salud y Pol\u00edticas Sociales), la Direcci\u00f3n General de Coordinaci\u00f3n de Pol\u00edticas&#8230;<\/p>\n","protected":false},"author":2,"featured_media":893,"comment_status":"closed","ping_status":"closed","sticky":false,"template":"","format":"image","meta":{"footnotes":""},"categories":[24],"tags":[],"class_list":["post-1090","post","type-post","status-publish","format-image","has-post-thumbnail","hentry","category-eventos","post_format-post-format-image"],"_links":{"self":[{"href":"https:\/\/cemyri.es\/es\/wp-json\/wp\/v2\/posts\/1090","targetHints":{"allow":["GET"]}}],"collection":[{"href":"https:\/\/cemyri.es\/es\/wp-json\/wp\/v2\/posts"}],"about":[{"href":"https:\/\/cemyri.es\/es\/wp-json\/wp\/v2\/types\/post"}],"author":[{"embeddable":true,"href":"https:\/\/cemyri.es\/es\/wp-json\/wp\/v2\/users\/2"}],"replies":[{"embeddable":true,"href":"https:\/\/cemyri.es\/es\/wp-json\/wp\/v2\/comments?post=1090"}],"version-history":[{"count":1,"href":"https:\/\/cemyri.es\/es\/wp-json\/wp\/v2\/posts\/1090\/revisions"}],"predecessor-version":[{"id":24745,"href":"https:\/\/cemyri.es\/es\/wp-json\/wp\/v2\/posts\/1090\/revisions\/24745"}],"wp:featuredmedia":[{"embeddable":true,"href":"https:\/\/cemyri.es\/es\/wp-json\/"}],"wp:attachment":[{"href":"https:\/\/cemyri.es\/es\/wp-json\/wp\/v2\/media?parent=1090"}],"wp:term":[{"taxonomy":"category","embeddable":true,"href":"https:\/\/cemyri.es\/es\/wp-json\/wp\/v2\/categories?post=1090"},{"taxonomy":"post_tag","embeddable":true,"href":"https:\/\/cemyri.es\/es\/wp-json\/wp\/v2\/tags?post=1090"}],"curies":[{"name":"wp","href":"https:\/\/api.w.org\/{rel}","templated":true}]}}