{"id":24357,"date":"2015-12-09T12:11:31","date_gmt":"2015-12-09T10:11:31","guid":{"rendered":"http:\/\/www.cemyri.es\/?p=24357"},"modified":"2016-07-08T07:30:04","modified_gmt":"2016-07-08T07:30:04","slug":"convocatoria-de-articulos-cientificos-odisea-revista-de-estudios-migratorios","status":"publish","type":"post","link":"https:\/\/cemyri.es\/es\/2015\/12\/09\/convocatoria-de-articulos-cientificos-odisea-revista-de-estudios-migratorios\/","title":{"rendered":"Convocatoria de art\u00edculos cient\u00edficos: ODISEA. Revista de Estudios Migratorios"},"content":{"rendered":"<p align=\"center\"><strong>\u201cProcesos migratorios y din\u00e1micas familiares desde una perspectiva de g\u00e9nero.<\/strong><\/p>\n<p align=\"center\"><strong>Circuitos en, desde y hacia \u00a0Am\u00e9rica Latina\u201d<\/strong><\/p>\n<p align=\"center\"><strong>\u00a0<\/strong><\/p>\n<p align=\"center\"><strong>\u00a0Per\u00edodo de recepci\u00f3n de art\u00edculos: 2 de febrero al 31 de marzo de 2016<\/strong><\/p>\n<p>Las din\u00e1micas familiares constituyen ricos terrenos de indagaci\u00f3n sobre los movimientos migratorios y permiten conocer el impacto de procesos globales en la esfera dom\u00e9stica. No obstante, durante largo tiempo las familias fueron una dimensi\u00f3n ignorada en el an\u00e1lisis de los procesos migratorios, dada la preeminencia de una visi\u00f3n economicista que imaginaba la migraci\u00f3n como asunto de varones, resultado de decisiones y acciones individuales. La aplicaci\u00f3n de la perspectiva de g\u00e9nero al campo de los estudios migratorios, junto con el aumento de la migraci\u00f3n de mujeres como primer eslab\u00f3n de las cadenas migratorias, implic\u00f3 una mayor atenci\u00f3n a las configuraciones familiares. Estas primeras investigaciones demostraron que el g\u00e9nero es un organizador clave de las articulaciones entre las din\u00e1micas familiares y los movimientos migratorios de mujeres y varones.<\/p>\n<p>Es por ello que esta convocatoria se interesa especialmente por aquellos an\u00e1lisis que involucren al g\u00e9nero como perspectiva anal\u00edtica, a la vez que alienta el avance hacia un abordaje interseccional de la cuesti\u00f3n, que considere la operatoria simult\u00e1nea de distintas categor\u00edas (g\u00e9nero, generaci\u00f3n, clase social, etnicidad, actuaci\u00f3n sexual, etc.). Asimismo, se esperan art\u00edculos enfocados en distintas experiencias de movilidad; tanto de movimientos internos, como de inmigraci\u00f3n y de emigraci\u00f3n internacional.<\/p>\n<p>Las tem\u00e1ticas de inter\u00e9s prioritario son:<\/p>\n<p class=\"ListParagraph\">&#8211;\u00a0\u00a0\u00a0\u00a0\u00a0\u00a0\u00a0\u00a0\u00a0 Familias y proyectos migratorios.<\/p>\n<p class=\"ListParagraph\">&#8211;\u00a0\u00a0\u00a0\u00a0\u00a0\u00a0\u00a0\u00a0\u00a0 Arreglos familiares y organizaci\u00f3n del cuidado en los contextos de in\/emigraci\u00f3n.<\/p>\n<p class=\"ListParagraph\">&#8211;\u00a0\u00a0\u00a0\u00a0\u00a0\u00a0\u00a0\u00a0\u00a0 Imbricaciones entre pol\u00edticas p\u00fablicas, procesos migratorios y formas de organizaci\u00f3n familiar.<\/p>\n<p class=\"ListParagraph\">&#8211;\u00a0\u00a0\u00a0\u00a0\u00a0\u00a0\u00a0\u00a0\u00a0 Transnacionalismo familiar en contextos migratorios.<\/p>\n<p class=\"ListParagraph\">&#8211;\u00a0\u00a0\u00a0\u00a0\u00a0\u00a0\u00a0\u00a0\u00a0 Las familias frente a las migraciones de retorno.<\/p>\n<p>&nbsp;<\/p>\n<p>NOTA IMPORTANTE: Aquellos art\u00edculos que no observen estrictamente las normas de presentaci\u00f3n solicitadas por la revista, no ser\u00e1n enviados a evaluaci\u00f3n.<\/p>\n<p><strong>Para consultas escribir a: revistaodisea@sociales.uba.ar<\/strong><\/p>\n","protected":false},"excerpt":{"rendered":"<p>\u201cProcesos migratorios y din\u00e1micas familiares desde una perspectiva de g\u00e9nero. Circuitos en, desde y hacia \u00a0Am\u00e9rica Latina\u201d \u00a0 \u00a0Per\u00edodo de recepci\u00f3n de art\u00edculos: 2 de febrero al 31 de marzo de 2016 Las din\u00e1micas familiares constituyen ricos terrenos de indagaci\u00f3n sobre los movimientos migratorios y permiten conocer el impacto de procesos globales en la esfera&#8230;<\/p>\n","protected":false},"author":2,"featured_media":25430,"comment_status":"closed","ping_status":"closed","sticky":false,"template":"","format":"standard","meta":{"footnotes":""},"categories":[3],"tags":[],"class_list":["post-24357","post","type-post","status-publish","format-standard","has-post-thumbnail","hentry","category-noticias"],"_links":{"self":[{"href":"https:\/\/cemyri.es\/es\/wp-json\/wp\/v2\/posts\/24357","targetHints":{"allow":["GET"]}}],"collection":[{"href":"https:\/\/cemyri.es\/es\/wp-json\/wp\/v2\/posts"}],"about":[{"href":"https:\/\/cemyri.es\/es\/wp-json\/wp\/v2\/types\/post"}],"author":[{"embeddable":true,"href":"https:\/\/cemyri.es\/es\/wp-json\/wp\/v2\/users\/2"}],"replies":[{"embeddable":true,"href":"https:\/\/cemyri.es\/es\/wp-json\/wp\/v2\/comments?post=24357"}],"version-history":[{"count":1,"href":"https:\/\/cemyri.es\/es\/wp-json\/wp\/v2\/posts\/24357\/revisions"}],"predecessor-version":[{"id":25444,"href":"https:\/\/cemyri.es\/es\/wp-json\/wp\/v2\/posts\/24357\/revisions\/25444"}],"wp:featuredmedia":[{"embeddable":true,"href":"https:\/\/cemyri.es\/es\/wp-json\/wp\/v2\/media\/25430"}],"wp:attachment":[{"href":"https:\/\/cemyri.es\/es\/wp-json\/wp\/v2\/media?parent=24357"}],"wp:term":[{"taxonomy":"category","embeddable":true,"href":"https:\/\/cemyri.es\/es\/wp-json\/wp\/v2\/categories?post=24357"},{"taxonomy":"post_tag","embeddable":true,"href":"https:\/\/cemyri.es\/es\/wp-json\/wp\/v2\/tags?post=24357"}],"curies":[{"name":"wp","href":"https:\/\/api.w.org\/{rel}","templated":true}]}}