{"id":24572,"date":"2016-04-11T10:44:41","date_gmt":"2016-04-11T08:44:41","guid":{"rendered":"http:\/\/www.cemyri.es\/?p=24572"},"modified":"2016-07-08T07:32:52","modified_gmt":"2016-07-08T07:32:52","slug":"el-cer-migracions-uab-organiza-un-ciclo-de-conferencias-sobre-los-refugiados-titulado-refugees-on-the-move","status":"publish","type":"post","link":"https:\/\/cemyri.es\/es\/2016\/04\/11\/el-cer-migracions-uab-organiza-un-ciclo-de-conferencias-sobre-los-refugiados-titulado-refugees-on-the-move\/","title":{"rendered":"El CER-Migracions (UAB) organiza un ciclo de conferencias sobre los refugiados titulado: \u00abRefugees on the move\u00bb."},"content":{"rendered":"<p>El CER-Migracions (UAB) organiza un ciclo de conferencias sobre los refugiados.<\/p>\n<p>\u201cRefugees on the move\u201d es el t\u00edtulo del programa que contar\u00e1 con una serie de conferencias con ponentes de la talla de Carlota Sol\u00e9, Natalia Ribas Mateos y Sonia Parella, entre otros.<\/p>\n<p>En la llamada \u00b4crisis del Mediterr\u00e1neo\u00b4, los refugiados no han sido reconocidos como un objeto de estudio acad\u00e9mico. En los \u00faltimos a\u00f1os, con los acontecimientos de la primavera \u00e1rabe y sus secuelas, \u00e9stos han estado sobre expuestos en los medios y en el discurso pol\u00edtico. Por este motivo, este encuentro, intentar\u00e1 desarrollar un enfoque mucho m\u00e1s matizado del fen\u00f3meno. Las contribuciones de diversas disciplinas demuestran que el problema de las pol\u00edticas poco hospitalarias hacia los refugiados se da a todos los niveles, as\u00ed como las respuestas humanitarias, cuestiones claves que deben ser resueltas. Cada una de las secciones de la conferencia introduce un nuevo tipo de ambig\u00fcedad y complejidad al estudio de la poblaci\u00f3n en movimiento. Con esta colecci\u00f3n de trabajos de diversas disciplinas (Historia, antropolog\u00eda, sociolog\u00eda, Estudios de comunicaci\u00f3n, derecho y\u00a0 pol\u00edtica) nos centramos en las diferentes formas en que los \u00abrefugiados en movimiento\u00bb se entienden a s\u00ed mismos como parte de un cambio m\u00e1s amplio en relaci\u00f3n con la movilidad en la regi\u00f3n del Mediterr\u00e1neo y en otras regiones del mundo que est\u00e1n conectadas a \u00e9l. Reconociendo que existen graves lagunas en nuestro conocimiento sobre este fen\u00f3meno nos hace pensar en una estrategia general que reunir\u00e1 a un primer encuentro de actores internacionales, investigadores y actores de la sociedad civil que trabajan en un campo com\u00fan, ambos, de dentro y fuera del \u00e1mbito acad\u00e9mico.<\/p>\n<p>Este encuentro, interdisciplinar e interuniversitario para el estudio de las migraciones, se celebrar\u00e1 los d\u00edas 21 y 22 de abril en \u201cEspai contrabandos\u201d y \u201cCCCB\u201d (Barcelona) respectivamente.<\/p>\n<p>&nbsp;<\/p>\n<p>Para m\u00e1s informaci\u00f3n contacta con: <a href=\"mailto:info@cermigracions.org\">info@cermigracions.org<\/a><\/p>\n<p>http:\/\/www.cermigracions.org\/es\/eventos\/refugees-on-the-move<\/p>\n","protected":false},"excerpt":{"rendered":"<p>El CER-Migracions (UAB) organiza un ciclo de conferencias sobre los refugiados. \u201cRefugees on the move\u201d es el t\u00edtulo del programa que contar\u00e1 con una serie de conferencias con ponentes de la talla de Carlota Sol\u00e9, Natalia Ribas Mateos y Sonia Parella, entre otros. En la llamada \u00b4crisis del Mediterr\u00e1neo\u00b4, los refugiados no han sido reconocidos&#8230;<\/p>\n","protected":false},"author":2,"featured_media":25430,"comment_status":"closed","ping_status":"closed","sticky":false,"template":"","format":"standard","meta":{"footnotes":""},"categories":[3],"tags":[],"class_list":["post-24572","post","type-post","status-publish","format-standard","has-post-thumbnail","hentry","category-noticias"],"_links":{"self":[{"href":"https:\/\/cemyri.es\/es\/wp-json\/wp\/v2\/posts\/24572","targetHints":{"allow":["GET"]}}],"collection":[{"href":"https:\/\/cemyri.es\/es\/wp-json\/wp\/v2\/posts"}],"about":[{"href":"https:\/\/cemyri.es\/es\/wp-json\/wp\/v2\/types\/post"}],"author":[{"embeddable":true,"href":"https:\/\/cemyri.es\/es\/wp-json\/wp\/v2\/users\/2"}],"replies":[{"embeddable":true,"href":"https:\/\/cemyri.es\/es\/wp-json\/wp\/v2\/comments?post=24572"}],"version-history":[{"count":1,"href":"https:\/\/cemyri.es\/es\/wp-json\/wp\/v2\/posts\/24572\/revisions"}],"predecessor-version":[{"id":25458,"href":"https:\/\/cemyri.es\/es\/wp-json\/wp\/v2\/posts\/24572\/revisions\/25458"}],"wp:featuredmedia":[{"embeddable":true,"href":"https:\/\/cemyri.es\/es\/wp-json\/wp\/v2\/media\/25430"}],"wp:attachment":[{"href":"https:\/\/cemyri.es\/es\/wp-json\/wp\/v2\/media?parent=24572"}],"wp:term":[{"taxonomy":"category","embeddable":true,"href":"https:\/\/cemyri.es\/es\/wp-json\/wp\/v2\/categories?post=24572"},{"taxonomy":"post_tag","embeddable":true,"href":"https:\/\/cemyri.es\/es\/wp-json\/wp\/v2\/tags?post=24572"}],"curies":[{"name":"wp","href":"https:\/\/api.w.org\/{rel}","templated":true}]}}