{"id":24795,"date":"2016-06-30T11:12:58","date_gmt":"2016-06-30T11:12:58","guid":{"rendered":"https:\/\/cemyri.es\/es\/?p=24795"},"modified":"2016-06-30T11:13:23","modified_gmt":"2016-06-30T11:13:23","slug":"los-inmigrados-marroquies-en-andalucia-una-investigacion-necesaria","status":"publish","type":"post","link":"https:\/\/cemyri.es\/es\/2016\/06\/30\/los-inmigrados-marroquies-en-andalucia-una-investigacion-necesaria\/","title":{"rendered":"Los inmigrados marroqu\u00edes en Andaluc\u00eda. Una investigaci\u00f3n necesaria"},"content":{"rendered":"<p><b>CHECA Y OLMOS, F., (2014), Los inmigrados marroqu\u00edes en Andaluc\u00eda. Una investigaci\u00f3n necesaria, Editorial Universidad de Almer\u00eda, Almer\u00eda.<\/b><\/p>\n<p><b>N\u00ba de p\u00e1ginas:<\/b>\u00a0285 \u00a0 \u00a0 \u00a0 \u00a0 \u00a0 \u00a0 \u00a0 \u00a0 \u00a0 \u00a0<b>\u00a0ISBN:<\/b>\u00a0978-84-16027-48-4<\/p>\n<p><i>\u00a0<\/i><\/p>\n<p>Esta obra nace producto del desarrollo de un proyecto llevado a cabo por la Fundaci\u00f3n C\u00e1mara de Comercio, Industria y Navegaci\u00f3n de Sevilla (jefe de filas), dentro del marco del Programa de Cooperaci\u00f3n Transfronteriza en Espa\u00f1a (POCTEFEX) y a trav\u00e9s del Fondo Europeo de Desarrollo Regional (FEDER) durante los a\u00f1os 2012 y 2013.<\/p>\n<p>El objetivo principal de esta investigaci\u00f3n se centraba en \u201ccontribuir a la integraci\u00f3n socio-laboral en Andaluc\u00eda de las personas inmigrantes procedentes de Marruecos y eliminar las barreras para su integraci\u00f3n, con el fin de que la integraci\u00f3n favorezca mutuamente al colectivo y a la sociedad receptora\u201d.<\/p>\n<p>Para alcanzar estos objetivos\u00a0fue\u00a0necesario la realizaci\u00f3n de un estudio amplio, que la C\u00e1mara encarg\u00f3 a la Universidad de Almer\u00eda, a trav\u00e9s del CEMyRI (Centro de Estudio de las Migraciones y las Relaciones Interculturales). Desde este centro se coordinaron equipos especializados por tem\u00e1ticas, a saber: empleo y mercado de trabajo, segregaci\u00f3n residencial, vivienda y espacios de sociabilidad e integraci\u00f3n, actitudes y racismo y otros \u00e1mbitos de integraci\u00f3n, como son la educaci\u00f3n, la salud, el idioma y la religi\u00f3n, etc.<\/p>\n<p>Esta obra recoge, pues, los resultados de una amplia investigaci\u00f3n enfocada a la mejora de la integraci\u00f3n socio-laboral en Andaluc\u00eda de la poblaci\u00f3n marroqu\u00ed, identificando las barreras existentes y la creaci\u00f3n de canales de encuentro. Desde una perspectiva hol\u00edstica sus autores ofrecen una visi\u00f3n integral de los aspectos que inciden en la integraci\u00f3n de los marroqu\u00edes, tales como la educaci\u00f3n, la salud y, por supuesto, el acceso al mercado laboral.<\/p>\n<ul>\n<li><a href=\"http:\/\/www.cemyri.es\/wp-content\/uploads\/%C3%8Dndice3.pdf\">\u00cdndice<\/a><\/li>\n<\/ul>\n","protected":false},"excerpt":{"rendered":"<p>CHECA Y OLMOS, F., (2014), Los inmigrados marroqu\u00edes en Andaluc\u00eda. Una investigaci\u00f3n necesaria, Editorial Universidad de Almer\u00eda, Almer\u00eda. N\u00ba de p\u00e1ginas:\u00a0285 \u00a0 \u00a0 \u00a0 \u00a0 \u00a0 \u00a0 \u00a0 \u00a0 \u00a0 \u00a0\u00a0ISBN:\u00a0978-84-16027-48-4 \u00a0 Esta obra nace producto del desarrollo de un proyecto llevado a cabo por la Fundaci\u00f3n C\u00e1mara de Comercio, Industria y Navegaci\u00f3n de Sevilla&#8230;<\/p>\n","protected":false},"author":1,"featured_media":24796,"comment_status":"closed","ping_status":"open","sticky":false,"template":"","format":"standard","meta":{"footnotes":""},"categories":[23],"tags":[],"class_list":["post-24795","post","type-post","status-publish","format-standard","has-post-thumbnail","hentry","category-publicaciones"],"_links":{"self":[{"href":"https:\/\/cemyri.es\/es\/wp-json\/wp\/v2\/posts\/24795","targetHints":{"allow":["GET"]}}],"collection":[{"href":"https:\/\/cemyri.es\/es\/wp-json\/wp\/v2\/posts"}],"about":[{"href":"https:\/\/cemyri.es\/es\/wp-json\/wp\/v2\/types\/post"}],"author":[{"embeddable":true,"href":"https:\/\/cemyri.es\/es\/wp-json\/wp\/v2\/users\/1"}],"replies":[{"embeddable":true,"href":"https:\/\/cemyri.es\/es\/wp-json\/wp\/v2\/comments?post=24795"}],"version-history":[{"count":1,"href":"https:\/\/cemyri.es\/es\/wp-json\/wp\/v2\/posts\/24795\/revisions"}],"predecessor-version":[{"id":24797,"href":"https:\/\/cemyri.es\/es\/wp-json\/wp\/v2\/posts\/24795\/revisions\/24797"}],"wp:featuredmedia":[{"embeddable":true,"href":"https:\/\/cemyri.es\/es\/wp-json\/wp\/v2\/media\/24796"}],"wp:attachment":[{"href":"https:\/\/cemyri.es\/es\/wp-json\/wp\/v2\/media?parent=24795"}],"wp:term":[{"taxonomy":"category","embeddable":true,"href":"https:\/\/cemyri.es\/es\/wp-json\/wp\/v2\/categories?post=24795"},{"taxonomy":"post_tag","embeddable":true,"href":"https:\/\/cemyri.es\/es\/wp-json\/wp\/v2\/tags?post=24795"}],"curies":[{"name":"wp","href":"https:\/\/api.w.org\/{rel}","templated":true}]}}