{"id":26250,"date":"2017-11-23T11:02:15","date_gmt":"2017-11-23T11:02:15","guid":{"rendered":"https:\/\/cemyri.es\/es\/?p=26250"},"modified":"2017-11-23T11:02:15","modified_gmt":"2017-11-23T11:02:15","slug":"la-locura-en-los-inmigrantes-negroafricanos-de-almeria","status":"publish","type":"post","link":"https:\/\/cemyri.es\/es\/2017\/11\/23\/la-locura-en-los-inmigrantes-negroafricanos-de-almeria\/","title":{"rendered":"La locura en los inmigrantes negroafricanos de Almer\u00eda"},"content":{"rendered":"<p><em><strong>Autor:<\/strong> Pedro Luis Ib\u00e1\u00f1ez Allera<\/em><\/p>\n<p>La provincia de Almer\u00eda, al igual modo que ha sucedido en el resto de Espa\u00f1a, en las \u00faltimas d\u00e9cadas se ha constituido en un lugar de atracci\u00f3n para inmigrantes de todo el mundo. Entre ellos se encuentran aquellos originarios de los pa\u00edses negroafricanos, que vienen buscando su nicho laboral dentro de la agricultura intensiva de los invernaderos del poniente almeriense. Generalmente son j\u00f3venes varones, en edad laboral, que no han tenido en sus pa\u00edses de origen antecedentes significativos en su salud psicof\u00edsica.<br \/>\nEste libro aborda la aparici\u00f3n de diferentes alteraciones mentales y conductuales en estas personas quienes, tras llevar unos siete a\u00f1os viviendo en Espa\u00f1a, en sus vidas presentan por primera vez este tipo de sintomatolog\u00eda. Estas alteraciones vienen a suponer una dificultad sobrevenida, a las que ya tienen dentro de sus procesos migratorios y adaptativos a un nuevo lugar.<br \/>\nSe da cuenta de las caracter\u00edsticas socioestructurales que tienen los negroafricanos que se van a ver afectados por la locura, de las dificultades que presentan los profesionales de salud mental biom\u00e9dica para abordar esta problem\u00e1tica singular y se establece una novedosa clasificaci\u00f3n antropol\u00f3gica de la locura de los inmigrantes negroafricanos, la cual viene a contrastarse con la que sobre ella da la biomedicina.<\/p>\n<p>&nbsp;<\/p>\n<p><strong>M\u00e1s informaci\u00f3n:\u00a0<\/strong>http:\/\/www.diegomarin.net\/ual\/es\/sociologia\/873-la-locura-en-los-inmigrantes-negroafricanos-en-almeria-9788416642649.html<\/p>\n<p>&nbsp;<\/p>\n","protected":false},"excerpt":{"rendered":"<p>Autor: Pedro Luis Ib\u00e1\u00f1ez Allera La provincia de Almer\u00eda, al igual modo que ha sucedido en el resto de Espa\u00f1a, en las \u00faltimas d\u00e9cadas se ha constituido en un lugar de atracci\u00f3n para inmigrantes de todo el mundo. Entre ellos se encuentran aquellos originarios de los pa\u00edses negroafricanos, que vienen buscando su nicho laboral dentro&#8230;<\/p>\n","protected":false},"author":2,"featured_media":26251,"comment_status":"closed","ping_status":"open","sticky":false,"template":"","format":"standard","meta":{"footnotes":""},"categories":[23],"tags":[],"class_list":["post-26250","post","type-post","status-publish","format-standard","has-post-thumbnail","hentry","category-publicaciones"],"_links":{"self":[{"href":"https:\/\/cemyri.es\/es\/wp-json\/wp\/v2\/posts\/26250","targetHints":{"allow":["GET"]}}],"collection":[{"href":"https:\/\/cemyri.es\/es\/wp-json\/wp\/v2\/posts"}],"about":[{"href":"https:\/\/cemyri.es\/es\/wp-json\/wp\/v2\/types\/post"}],"author":[{"embeddable":true,"href":"https:\/\/cemyri.es\/es\/wp-json\/wp\/v2\/users\/2"}],"replies":[{"embeddable":true,"href":"https:\/\/cemyri.es\/es\/wp-json\/wp\/v2\/comments?post=26250"}],"version-history":[{"count":1,"href":"https:\/\/cemyri.es\/es\/wp-json\/wp\/v2\/posts\/26250\/revisions"}],"predecessor-version":[{"id":26252,"href":"https:\/\/cemyri.es\/es\/wp-json\/wp\/v2\/posts\/26250\/revisions\/26252"}],"wp:featuredmedia":[{"embeddable":true,"href":"https:\/\/cemyri.es\/es\/wp-json\/wp\/v2\/media\/26251"}],"wp:attachment":[{"href":"https:\/\/cemyri.es\/es\/wp-json\/wp\/v2\/media?parent=26250"}],"wp:term":[{"taxonomy":"category","embeddable":true,"href":"https:\/\/cemyri.es\/es\/wp-json\/wp\/v2\/categories?post=26250"},{"taxonomy":"post_tag","embeddable":true,"href":"https:\/\/cemyri.es\/es\/wp-json\/wp\/v2\/tags?post=26250"}],"curies":[{"name":"wp","href":"https:\/\/api.w.org\/{rel}","templated":true}]}}