{"id":26612,"date":"2019-04-09T07:49:27","date_gmt":"2019-04-09T07:49:27","guid":{"rendered":"https:\/\/cemyri.es\/es\/?p=26612"},"modified":"2019-04-09T07:50:38","modified_gmt":"2019-04-09T07:50:38","slug":"el-cemyri-colaborara-con-las-iii-jornadas-interculturales-nijar-convive","status":"publish","type":"post","link":"https:\/\/cemyri.es\/es\/2019\/04\/09\/el-cemyri-colaborara-con-las-iii-jornadas-interculturales-nijar-convive\/","title":{"rendered":"El CEMyRI colaborar\u00e1 con las III Jornadas Interculturales: \u201cN\u00edjar Convive\u201d"},"content":{"rendered":"\n<p>Desde la mesa comunitaria de Convivencia de San Isidro, se est\u00e1n organizando las terceras Jornadas Interculturales: \u201cNijar Convive\u201d, en las que el CEMyRI colaborar\u00e1.<br>Esta actividad, organizada por la Fundaci\u00f3n CEPAIM, se viene programando y desarrollando gracias al trabajo en red que se viene haciendo desde este espacio.<\/p>\n\n\n\n<p>La programaci\u00f3n prevista es la siguiente: <\/p>\n\n\n\n<p>S\u00e1bado, 27 abril, Plaza de la Ense\u00f1anza (San Isidro, N\u00edjar)<\/p>\n\n\n\n<p>11:00h. Inicio Jornadas Batukada y Pasacalles Vecinal<\/p>\n\n\n\n<p>12:00h.- 14:00h. Talleres Participativos<\/p>\n\n\n\n<p>\u2022    Exhibici\u00f3n Parkour + Taller pr\u00e1ctico<br>\n\u2022    Exhibici\u00f3n Graffiti + Dibujo Colectivo<br>\n\u2022    Taller Percusi\u00f3n<br>\n\u2022    Taller Trenzas Africanas<br>\n\u2022    Taller Turbantes Africanos<br>\n\u2022    Murales Muestra tu Arte<br>\n\u2022    Taller Papiroflexia + Concurso de aviones <br>\n\u2022    Hospital Infantil <br>\n\u2022    Futbol\u00edn<br>\n\u2022    Dinamizaci\u00f3n con Clown<\/p>\n\n\n\n<p>13:00h. \u2013 15:00h. Sesi\u00f3n DJ \u2013 Rocksteady, reggae cl\u00e1sico\u2026<\/p>\n\n\n\n<p>14:00h. \u2013 Comida Saludable Colectiva<\/p>\n\n\n\n<p>15:15h.- Meditaci\u00f3n Activa y Aromaterapia<\/p>\n\n\n\n<p>16:45h. \u2013 Teatro Social + Proyecciones Documentales (Mujer y Vivienda, Danza\u2026)<\/p>\n\n\n\n<p>18:00h. &#8211;  Concierto Rap y Fin de Jornadas<\/p>\n\n\n\n<p>16:00h. &#8211; 18:00h. &#8211;  Cuentacuentos y Juegos Infantiles.<\/p>\n","protected":false},"excerpt":{"rendered":"<p>Desde la mesa comunitaria de Convivencia de San Isidro, se est\u00e1n organizando las terceras Jornadas Interculturales: \u201cNijar Convive\u201d, en las que el CEMyRI colaborar\u00e1.Esta actividad, organizada por la Fundaci\u00f3n CEPAIM, se viene programando y desarrollando gracias al trabajo en red que se viene haciendo desde este espacio. La programaci\u00f3n prevista es la siguiente: S\u00e1bado, 27&#8230;<\/p>\n","protected":false},"author":2,"featured_media":26613,"comment_status":"closed","ping_status":"open","sticky":false,"template":"","format":"standard","meta":{"footnotes":""},"categories":[3],"tags":[],"class_list":["post-26612","post","type-post","status-publish","format-standard","has-post-thumbnail","hentry","category-noticias"],"_links":{"self":[{"href":"https:\/\/cemyri.es\/es\/wp-json\/wp\/v2\/posts\/26612","targetHints":{"allow":["GET"]}}],"collection":[{"href":"https:\/\/cemyri.es\/es\/wp-json\/wp\/v2\/posts"}],"about":[{"href":"https:\/\/cemyri.es\/es\/wp-json\/wp\/v2\/types\/post"}],"author":[{"embeddable":true,"href":"https:\/\/cemyri.es\/es\/wp-json\/wp\/v2\/users\/2"}],"replies":[{"embeddable":true,"href":"https:\/\/cemyri.es\/es\/wp-json\/wp\/v2\/comments?post=26612"}],"version-history":[{"count":2,"href":"https:\/\/cemyri.es\/es\/wp-json\/wp\/v2\/posts\/26612\/revisions"}],"predecessor-version":[{"id":26615,"href":"https:\/\/cemyri.es\/es\/wp-json\/wp\/v2\/posts\/26612\/revisions\/26615"}],"wp:featuredmedia":[{"embeddable":true,"href":"https:\/\/cemyri.es\/es\/wp-json\/wp\/v2\/media\/26613"}],"wp:attachment":[{"href":"https:\/\/cemyri.es\/es\/wp-json\/wp\/v2\/media?parent=26612"}],"wp:term":[{"taxonomy":"category","embeddable":true,"href":"https:\/\/cemyri.es\/es\/wp-json\/wp\/v2\/categories?post=26612"},{"taxonomy":"post_tag","embeddable":true,"href":"https:\/\/cemyri.es\/es\/wp-json\/wp\/v2\/tags?post=26612"}],"curies":[{"name":"wp","href":"https:\/\/api.w.org\/{rel}","templated":true}]}}