{"id":26630,"date":"2019-05-06T08:24:32","date_gmt":"2019-05-06T08:24:32","guid":{"rendered":"https:\/\/cemyri.es\/es\/?p=26630"},"modified":"2019-05-06T09:23:36","modified_gmt":"2019-05-06T09:23:36","slug":"seminario-las-actitudes-hacia-la-inmigracion-en-espana","status":"publish","type":"post","link":"https:\/\/cemyri.es\/es\/2019\/05\/06\/seminario-las-actitudes-hacia-la-inmigracion-en-espana\/","title":{"rendered":"Seminario: Las actitudes hacia la inmigraci\u00f3n en Espa\u00f1a"},"content":{"rendered":"\n<p>Desde el Centro de Estudio de las Migraciones y las Relaciones Interculturales (CEMyRI) y en colaboraci\u00f3n con la Red de Excelencia de Estudios Migratorios (RESMI), estamos organizando un SEMINARIO titulado: Las actitudes hacia la inmigraci\u00f3n en Espa\u00f1a que tendr\u00e1 lugar los d\u00edas 16  y 17 de mayo de 2019 en la Universidad de Almer\u00eda y al que nos gustar\u00eda que asistierais. Por un lado, la inmigraci\u00f3n en Espa\u00f1a est\u00e1 entrando en una fase de madurez, con una presencia cada vez m\u00e1s importante de los hijos de los inmigrantes en las escuelas y en la universidad, que deber\u00eda suponer una mayor aceptaci\u00f3n por parte de la sociedad espa\u00f1ola, como un elemento estructural. Por otro lado, estamos viviendo un momento crucial en el que se est\u00e1n produciendo cambios sustantivos generados o impulsados en buena medida por la crisis econ\u00f3mica, que tienen un correlato internacional con las nuevas tendencias populistas que finalmente han logrado representatividad pol\u00edtica en Espa\u00f1a y que amenazan con situar la inmigraci\u00f3n en el centro del debate pol\u00edtico de una manera distinta a como se hab\u00eda enfocado con anterioridad.<\/p>\n\n\n\n<p>En este sentido, el objetivo que persigue esta actividad formativa es el de crear un espacio de an\u00e1lisis y debate sobre dichas actitudes, c\u00f3mo est\u00e1n calando en la sociedad actualmente y las repercusiones a nivel social y pol\u00edtico.<\/p>\n\n\n\n<p>Para ello, el Seminario agrupar\u00e1 expertos del \u00e1mbito acad\u00e9mico y del tercer sector, con relevante experiencia en el tema propuesto y con un amplio bagaje de conocimientos, entre los que destacan: Joaqu\u00edn Arango (Catedr\u00e1tico de Sociolog\u00eda de la Universidad Complutense de Madrid); Mercedes Fern\u00e1ndez (Profesora agregada del Instituto Universitario de Estudio sobre Migraciones (IUEM) de la Universidad Pontificia Comillas); Sebastian Rinken (Vicedirector del Instituto de Estudios Sociales Avanzados (IESA), Consejo Superior de Investigaciones Cient\u00edficas (CSIC)); Ricard Zapata (Catedr\u00e1tico de Ciencias Pol\u00edticas Universitat de Pompeu Fabra); Laura Mijares (Profesora titular de Estudios \u00c1rabes e Isl\u00e1micos de la Universidad Complutense de Madrid); Antonio Rojas (Catedr\u00e1tico de Metodolog\u00eda de las Ciencias del Comportamiento de la Universidad de Almer\u00eda), Marisol Navas (Catedr\u00e1tica de Psicolog\u00eda Social de la Universidad de Almer\u00eda) y Juan Miralles (Director de Almer\u00eda Acoge y presidente de la Fundaci\u00f3n CEPAIM).<\/p>\n\n\n\n<p>Horario:<\/p>\n\n\n\n<p>Jueves 16 de mayo: Sala de Grados, CITE V<\/p>\n\n\n\n<p>Viernes 17 de mayo: Aula Magna, Edif. Humanidades (C)<\/p>\n\n\n\n<p>Inscripciones: cemyi@ual.es<\/p>\n\n\n\n<div class=\"wp-block-file\"><a href=\"https:\/\/cemyri.es\/es\/wp-content\/uploads\/2019\/05\/PROGRAMA-SEMINARIO-RESMI-CEMYRI-UAL.pdf\">PROGRAMA SEMINARIO RESMI-CEMYRI-UAL<\/a><a href=\"https:\/\/cemyri.es\/es\/wp-content\/uploads\/2019\/05\/PROGRAMA-SEMINARIO-RESMI-CEMYRI-UAL.pdf\" class=\"wp-block-file__button\" download>Descargar<\/a><\/div>\n\n\n\n<p><\/p>\n","protected":false},"excerpt":{"rendered":"<p>Desde el Centro de Estudio de las Migraciones y las Relaciones Interculturales (CEMyRI) y en colaboraci\u00f3n con la Red de Excelencia de Estudios Migratorios (RESMI), estamos organizando un SEMINARIO titulado: Las actitudes hacia la inmigraci\u00f3n en Espa\u00f1a que tendr\u00e1 lugar los d\u00edas 16 y 17 de mayo de 2019 en la Universidad de Almer\u00eda y&#8230;<\/p>\n","protected":false},"author":2,"featured_media":26632,"comment_status":"closed","ping_status":"open","sticky":false,"template":"","format":"standard","meta":{"footnotes":""},"categories":[27,3],"tags":[],"class_list":["post-26630","post","type-post","status-publish","format-standard","has-post-thumbnail","hentry","category-jornadas-seminarios-y-encuentros","category-noticias"],"_links":{"self":[{"href":"https:\/\/cemyri.es\/es\/wp-json\/wp\/v2\/posts\/26630","targetHints":{"allow":["GET"]}}],"collection":[{"href":"https:\/\/cemyri.es\/es\/wp-json\/wp\/v2\/posts"}],"about":[{"href":"https:\/\/cemyri.es\/es\/wp-json\/wp\/v2\/types\/post"}],"author":[{"embeddable":true,"href":"https:\/\/cemyri.es\/es\/wp-json\/wp\/v2\/users\/2"}],"replies":[{"embeddable":true,"href":"https:\/\/cemyri.es\/es\/wp-json\/wp\/v2\/comments?post=26630"}],"version-history":[{"count":3,"href":"https:\/\/cemyri.es\/es\/wp-json\/wp\/v2\/posts\/26630\/revisions"}],"predecessor-version":[{"id":26636,"href":"https:\/\/cemyri.es\/es\/wp-json\/wp\/v2\/posts\/26630\/revisions\/26636"}],"wp:featuredmedia":[{"embeddable":true,"href":"https:\/\/cemyri.es\/es\/wp-json\/wp\/v2\/media\/26632"}],"wp:attachment":[{"href":"https:\/\/cemyri.es\/es\/wp-json\/wp\/v2\/media?parent=26630"}],"wp:term":[{"taxonomy":"category","embeddable":true,"href":"https:\/\/cemyri.es\/es\/wp-json\/wp\/v2\/categories?post=26630"},{"taxonomy":"post_tag","embeddable":true,"href":"https:\/\/cemyri.es\/es\/wp-json\/wp\/v2\/tags?post=26630"}],"curies":[{"name":"wp","href":"https:\/\/api.w.org\/{rel}","templated":true}]}}