{"id":27055,"date":"2021-03-08T10:25:48","date_gmt":"2021-03-08T10:25:48","guid":{"rendered":"https:\/\/cemyri.es\/es\/?p=27055"},"modified":"2021-03-08T10:25:48","modified_gmt":"2021-03-08T10:25:48","slug":"el-proyecto-engage-de-la-dg-just-estudiara-intervenciones-que-promuevan-el-compromiso-y-la-movilizacion-para-el-cambio-social-en-poblacion-gitana-y-no-gitana","status":"publish","type":"post","link":"https:\/\/cemyri.es\/es\/2021\/03\/08\/el-proyecto-engage-de-la-dg-just-estudiara-intervenciones-que-promuevan-el-compromiso-y-la-movilizacion-para-el-cambio-social-en-poblacion-gitana-y-no-gitana\/","title":{"rendered":"El proyecto ENGAGE de la DG JUST estudiar\u00e1 intervenciones que promuevan el compromiso y la movilizaci\u00f3n para el cambio social en poblaci\u00f3n gitana y no gitana"},"content":{"rendered":"\n<p>El 12 de febrero de 2021 tuvo lugar la reuni\u00f3n telem\u00e1tica del grupo de expertas\/os del proyecto ENGAGE: \u201cAplicaci\u00f3n de intervenciones basadas en el contacto para promover el compromiso y la movilizaci\u00f3n para el cambio social\u201d, financiado por DG JUST.<\/p>\n\n\n\n<p>Durante los a\u00f1os 2021-2022, el proyecto ENGAGE analizar\u00e1: (1) la discriminaci\u00f3n hacia la poblaci\u00f3n gitana en Europa, partiendo de la base de que el antigitanismo y el actual contexto pol\u00edtico hostil dificultan la inclusi\u00f3n de este grupo, y (2) el compromiso social por parte de las personas gitanas y no gitanas. El objetivo del proyecto es abordar el problema del antigitanismo y la indiferencia de la poblaci\u00f3n mayoritaria no gitana, con la intenci\u00f3n de favorecer el activismo y el compromiso de las personas gitanas, as\u00ed como movilizar a la poblaci\u00f3n no gitana como aliada para el cambio social.<\/p>\n\n\n\n<p>Se trata de un proyecto con un enfoque multim\u00e9todo, en el que investigadoras\/es de Hungr\u00eda, Eslovaquia y Espa\u00f1a colaborar\u00e1n con ONGs, representantes de la sociedad civil y expertos\/as a nivel nacional y europeo. Se desarrollar\u00e1n metodolog\u00edas para intervenciones novedosas basadas en el contacto intergrupal que favorezcan el compromiso social. Tambi\u00e9n se elaborar\u00e1 un conjunto de herramientas interactivas para evaluar las intervenciones teniendo en cuenta las normas sociales, la reducci\u00f3n del prejuicio y la movilizaci\u00f3n social. Asimismo, aunque el proyecto se desarrolla en Hungr\u00eda, Eslovaquia y Espa\u00f1a, se mantiene una perspectiva europea en la recogida y difusi\u00f3n de los datos.<\/p>\n\n\n\n<p>El objetivo de la reuni\u00f3n fue obtener retroalimentaci\u00f3n de los\/as responsables pol\u00edticos y de m\u00faltiples profesionales para debatir sobre la mejor forma de comunicar los hallazgos del proyecto a las partes interesadas, y que de esta forma pudiera reflejarse, a nivel nacional y europeo, la formaci\u00f3n de pol\u00edticas antidiscriminaci\u00f3n. Adem\u00e1s de miembros de los equipos de trabajo, a la reuni\u00f3n asistieron representantes de la sociedad civil y responsables pol\u00edticos: Anna Don\u00e1th (MEP, Hungr\u00eda), Sara Olvera (Activista gitana y agente de igualdad y no discriminaci\u00f3n), Tibor \u0160krabsk\u00fd y Zuzana Hav\u00edrov\u00e1 (Oficina del Plenipotenciario del Gobierno eslovaco para las comunidades gitanas), Cec\u00edlia Horv\u00e1th (Escuela secundaria Lauder Javne) y D\u00e1vid Kardos (asistente en el MEP, Hungr\u00eda).<\/p>\n\n\n\n<p>El 80% del presupuesto total del proyecto (312.842 EUR) ser\u00e1 financiado por la UE. El n\u00famero de subvenci\u00f3n es 963122-ENGAGE-REC-AG-2020\/REC-RDIS-DISC-AG-2020. El proyecto lo coordina la Universidad E\u00f6tv\u00f6s Lor\u00e1nd (Budapest, Hungr\u00eda), y tambi\u00e9n colaboran la Fundaci\u00f3n UCCU (Budapest, Hungr\u00eda), el Instituto de Investigaci\u00f3n en Comunicaci\u00f3n Social, Academia Eslovaca de Ciencias (Bratislava, Eslovaquia), y el Centro de Estudio de las Migraciones y las Relaciones Interculturales de la Universidad de Almer\u00eda (Espa\u00f1a).<\/p>\n","protected":false},"excerpt":{"rendered":"<p>El 12 de febrero de 2021 tuvo lugar la reuni\u00f3n telem\u00e1tica del grupo de expertas\/os del proyecto ENGAGE: \u201cAplicaci\u00f3n de intervenciones basadas en el contacto para promover el compromiso y la movilizaci\u00f3n para el cambio social\u201d, financiado por DG JUST. Durante los a\u00f1os 2021-2022, el proyecto ENGAGE analizar\u00e1: (1) la discriminaci\u00f3n hacia la poblaci\u00f3n gitana&#8230;<\/p>\n","protected":false},"author":2,"featured_media":0,"comment_status":"closed","ping_status":"open","sticky":false,"template":"","format":"standard","meta":{"footnotes":""},"categories":[3],"tags":[],"class_list":["post-27055","post","type-post","status-publish","format-standard","hentry","category-noticias"],"_links":{"self":[{"href":"https:\/\/cemyri.es\/es\/wp-json\/wp\/v2\/posts\/27055","targetHints":{"allow":["GET"]}}],"collection":[{"href":"https:\/\/cemyri.es\/es\/wp-json\/wp\/v2\/posts"}],"about":[{"href":"https:\/\/cemyri.es\/es\/wp-json\/wp\/v2\/types\/post"}],"author":[{"embeddable":true,"href":"https:\/\/cemyri.es\/es\/wp-json\/wp\/v2\/users\/2"}],"replies":[{"embeddable":true,"href":"https:\/\/cemyri.es\/es\/wp-json\/wp\/v2\/comments?post=27055"}],"version-history":[{"count":1,"href":"https:\/\/cemyri.es\/es\/wp-json\/wp\/v2\/posts\/27055\/revisions"}],"predecessor-version":[{"id":27056,"href":"https:\/\/cemyri.es\/es\/wp-json\/wp\/v2\/posts\/27055\/revisions\/27056"}],"wp:attachment":[{"href":"https:\/\/cemyri.es\/es\/wp-json\/wp\/v2\/media?parent=27055"}],"wp:term":[{"taxonomy":"category","embeddable":true,"href":"https:\/\/cemyri.es\/es\/wp-json\/wp\/v2\/categories?post=27055"},{"taxonomy":"post_tag","embeddable":true,"href":"https:\/\/cemyri.es\/es\/wp-json\/wp\/v2\/tags?post=27055"}],"curies":[{"name":"wp","href":"https:\/\/api.w.org\/{rel}","templated":true}]}}