{"id":27266,"date":"2022-01-27T10:53:47","date_gmt":"2022-01-27T10:53:47","guid":{"rendered":"https:\/\/cemyri.es\/es\/?p=27266"},"modified":"2022-01-27T10:53:48","modified_gmt":"2022-01-27T10:53:48","slug":"xiii-congreso-de-la-asociacion-de-demografia-historica","status":"publish","type":"post","link":"https:\/\/cemyri.es\/es\/2022\/01\/27\/xiii-congreso-de-la-asociacion-de-demografia-historica\/","title":{"rendered":"XIII CONGRESO DE LA ASOCIACI\u00d3N DE DEMOGRAF\u00cdA HIST\u00d3RICA"},"content":{"rendered":"\n<p><strong>Poblaci\u00f3n y Medioambiente: perspectiva hist\u00f3rica y desaf\u00edo actual<\/strong><\/p>\n\n\n\n<p class=\"has-luminous-vivid-orange-color has-text-color\"><strong>Barcelona (Espa\u00f1a), 6-9 de septiembre 2022<\/strong><\/p>\n\n\n\n<figure class=\"wp-block-image size-large\"><img loading=\"lazy\" decoding=\"async\" width=\"1024\" height=\"552\" src=\"https:\/\/cemyri.es\/es\/wp-content\/uploads\/2022\/01\/XIII-CONGRESO-DE-LA-ASOCIACION-DE-DEMOGRAFIA-HISTORICA-1024x552.jpg\" alt=\"\" class=\"wp-image-27267\" srcset=\"https:\/\/cemyri.es\/es\/wp-content\/uploads\/2022\/01\/XIII-CONGRESO-DE-LA-ASOCIACION-DE-DEMOGRAFIA-HISTORICA-1024x552.jpg 1024w, https:\/\/cemyri.es\/es\/wp-content\/uploads\/2022\/01\/XIII-CONGRESO-DE-LA-ASOCIACION-DE-DEMOGRAFIA-HISTORICA-300x162.jpg 300w, https:\/\/cemyri.es\/es\/wp-content\/uploads\/2022\/01\/XIII-CONGRESO-DE-LA-ASOCIACION-DE-DEMOGRAFIA-HISTORICA-768x414.jpg 768w, https:\/\/cemyri.es\/es\/wp-content\/uploads\/2022\/01\/XIII-CONGRESO-DE-LA-ASOCIACION-DE-DEMOGRAFIA-HISTORICA.jpg 1300w\" sizes=\"auto, (max-width: 1024px) 100vw, 1024px\" \/><\/figure>\n\n\n\n<p>La emergencia clim\u00e1tica planteada por el calentamiento global ha puesto en el centro del debate pol\u00edtico y medi\u00e1tico las relaciones entre poblaci\u00f3n y medioambiente. No falta quien responsabilice al tama\u00f1o y crecimiento de la poblaci\u00f3n mundial, qui\u00e9n haya se\u00f1alado la pandemia de COVID-19 como zoonosis producto de la degradaci\u00f3n medioambiental, mientras los medios ya se hacen eco de sus consecuencias: en el aumento de la mortalidad por las olas de calor o la contaminaci\u00f3n, o en los llamados \u201crefugiados clim\u00e1ticos\u00bb\u009d, por citar s\u00f3lo dos ejemplos de impacto en la din\u00e1mica demogr\u00e1fica. Conviene recordar que la relaci\u00f3n entre poblaci\u00f3n y Naturaleza ha sido hist\u00f3ricamente uno de los temas centrales del pensamiento demogr\u00e1fico, por lo menos desde Malthus, as\u00ed como que el estudio hist\u00f3rico de la poblaci\u00f3n puede ayudar a entender tanto las din\u00e1micas establecidas entre ambas como la problematizaci\u00f3n de esa relaci\u00f3n. [<a href=\"http:\/\/www.moderna1.ih.csic.es\/FEHM\/FMPro?-db=boletin.fp5&amp;-format=buscar_resulta_detalle.htm&amp;-op=eq&amp;novedad=si&amp;-op=eq&amp;validado=V&amp;-recid=12589763&amp;-token=ActividadesEnCurso&amp;-find\">Seguir leyendo<\/a>]<\/p>\n\n\n\n<p class=\"has-luminous-vivid-amber-background-color has-background has-medium-font-size\"><strong>Accede a la web:  <a href=\"http:\/\/www.moderna1.ih.csic.es\/FEHM\/FMPro?-db=boletin.fp5&amp;-format=buscar_resulta_detalle.htm&amp;-op=eq&amp;novedad=si&amp;-op=eq&amp;validado=V&amp;-recid=12589763&amp;-token=ActividadesEnCurso&amp;-find\"> XIII Congreso ADEH<\/a><\/strong><\/p>\n","protected":false},"excerpt":{"rendered":"<p>Poblaci\u00f3n y Medioambiente: perspectiva hist\u00f3rica y desaf\u00edo actual Barcelona (Espa\u00f1a), 6-9 de septiembre 2022 La emergencia clim\u00e1tica planteada por el calentamiento global ha puesto en el centro del debate pol\u00edtico y medi\u00e1tico las relaciones entre poblaci\u00f3n y medioambiente. No falta quien responsabilice al tama\u00f1o y crecimiento de la poblaci\u00f3n mundial, qui\u00e9n haya se\u00f1alado la pandemia&#8230;<\/p>\n","protected":false},"author":1,"featured_media":27267,"comment_status":"closed","ping_status":"open","sticky":false,"template":"","format":"standard","meta":{"footnotes":""},"categories":[25,3],"tags":[55,61,59,60],"class_list":["post-27266","post","type-post","status-publish","format-standard","has-post-thumbnail","hentry","category-congresos","category-noticias","tag-55","tag-adeh-ced","tag-congreso-barcelona","tag-fundacion-espanola-de-historia-moderna"],"_links":{"self":[{"href":"https:\/\/cemyri.es\/es\/wp-json\/wp\/v2\/posts\/27266","targetHints":{"allow":["GET"]}}],"collection":[{"href":"https:\/\/cemyri.es\/es\/wp-json\/wp\/v2\/posts"}],"about":[{"href":"https:\/\/cemyri.es\/es\/wp-json\/wp\/v2\/types\/post"}],"author":[{"embeddable":true,"href":"https:\/\/cemyri.es\/es\/wp-json\/wp\/v2\/users\/1"}],"replies":[{"embeddable":true,"href":"https:\/\/cemyri.es\/es\/wp-json\/wp\/v2\/comments?post=27266"}],"version-history":[{"count":1,"href":"https:\/\/cemyri.es\/es\/wp-json\/wp\/v2\/posts\/27266\/revisions"}],"predecessor-version":[{"id":27268,"href":"https:\/\/cemyri.es\/es\/wp-json\/wp\/v2\/posts\/27266\/revisions\/27268"}],"wp:featuredmedia":[{"embeddable":true,"href":"https:\/\/cemyri.es\/es\/wp-json\/wp\/v2\/media\/27267"}],"wp:attachment":[{"href":"https:\/\/cemyri.es\/es\/wp-json\/wp\/v2\/media?parent=27266"}],"wp:term":[{"taxonomy":"category","embeddable":true,"href":"https:\/\/cemyri.es\/es\/wp-json\/wp\/v2\/categories?post=27266"},{"taxonomy":"post_tag","embeddable":true,"href":"https:\/\/cemyri.es\/es\/wp-json\/wp\/v2\/tags?post=27266"}],"curies":[{"name":"wp","href":"https:\/\/api.w.org\/{rel}","templated":true}]}}