{"id":27575,"date":"2022-12-07T09:29:34","date_gmt":"2022-12-07T09:29:34","guid":{"rendered":"https:\/\/cemyri.es\/es\/?p=27575"},"modified":"2023-10-10T09:11:04","modified_gmt":"2023-10-10T09:11:04","slug":"antiguas-y-nuevas-dinamicas-de-migracion-y-movilidad-de-argentinos-as-desde-y-hacia-espana-un-campo-de-estudio-en-expansion","status":"publish","type":"post","link":"https:\/\/cemyri.es\/es\/2022\/12\/07\/antiguas-y-nuevas-dinamicas-de-migracion-y-movilidad-de-argentinos-as-desde-y-hacia-espana-un-campo-de-estudio-en-expansion\/","title":{"rendered":"Antiguas y nuevas din\u00e1micas de migraci\u00f3n y movilidad de argentinos\/as"},"content":{"rendered":"\n<p><strong>Antiguas y nuevas din\u00e1micas de migraci\u00f3n y movilidad de argentinos\/as desde y hacia Espa\u00f1a: un campo de estudio en expansi\u00f3n<\/strong><\/p>\n\n\n\n<p class=\"has-medium-font-size\"><em><strong>Introduction to the &nbsp; dossier: Historical &nbsp; and &nbsp; current &nbsp; dynamics &nbsp; of &nbsp;migration and &nbsp;mobility &nbsp;of &nbsp;Argentines &nbsp;to &nbsp;and &nbsp;from &nbsp;Spain: &nbsp;an&nbsp; expanding &nbsp;field &nbsp;of study<\/strong><\/em><em><strong>.<\/strong><\/em><\/p>\n\n\n\n<p>Monogr\u00e1fico coordinado por:&nbsp;<\/p>\n\n\n\n<p>Patricia Jimena Rivero Instituto de Humanidades, Consejo Nacional de Investigaciones Cient\u00edficas y T\u00e9cnicas, Universidad Nacional de C\u00f3rdoba, Argentina. <a href=\"mailto:patriciaj.rivero@gmail.com\">patriciaj.rivero@gmail.com<\/a><\/p>\n\n\n\n<p>Daniela Herrera Rubalcaba Departamento &nbsp;de &nbsp;Geograf\u00eda, &nbsp;Historia &nbsp;y Humanidades, &nbsp;Universidad &nbsp;de &nbsp;Almer\u00eda, Espa\u00f1a. <a href=\"mailto:dhr590@ual.es\">dhr590@ual.es<\/a><\/p>\n\n\n\n<p>Fernando Osvaldo Esteban Departamento de Sociolog\u00eda y Antropolog\u00eda Social, Universidad de Valencia, Espa\u00f1a. <a href=\"mailto:fernandosvaldoesteban@gmail.com\">fernandosvaldoesteban@gmail.com<\/a><\/p>\n\n\n\n<p><strong>Link acceso al Monogr\u00e1fico:&nbsp;<\/strong><a href=\"https:\/\/cerac.unlpam.edu.ar\/index.php\/pys\/index\" target=\"_blank\" rel=\"noreferrer noopener\">https:\/\/cerac.unlpam.edu.ar\/index.php\/pys\/index<\/a><\/p>\n","protected":false},"excerpt":{"rendered":"<p>Introduction to the   dossier: Historical   and   current   dynamics   of  migration and  mobility  of  Argentines  to  and  from  Spain:  an  expanding  field  of study.<\/p>\n","protected":false},"author":1,"featured_media":27574,"comment_status":"closed","ping_status":"closed","sticky":false,"template":"","format":"standard","meta":{"footnotes":""},"categories":[23],"tags":[66,53],"class_list":["post-27575","post","type-post","status-publish","format-standard","has-post-thumbnail","hentry","category-publicaciones","tag-argentina","tag-migraciones"],"_links":{"self":[{"href":"https:\/\/cemyri.es\/es\/wp-json\/wp\/v2\/posts\/27575","targetHints":{"allow":["GET"]}}],"collection":[{"href":"https:\/\/cemyri.es\/es\/wp-json\/wp\/v2\/posts"}],"about":[{"href":"https:\/\/cemyri.es\/es\/wp-json\/wp\/v2\/types\/post"}],"author":[{"embeddable":true,"href":"https:\/\/cemyri.es\/es\/wp-json\/wp\/v2\/users\/1"}],"replies":[{"embeddable":true,"href":"https:\/\/cemyri.es\/es\/wp-json\/wp\/v2\/comments?post=27575"}],"version-history":[{"count":4,"href":"https:\/\/cemyri.es\/es\/wp-json\/wp\/v2\/posts\/27575\/revisions"}],"predecessor-version":[{"id":27915,"href":"https:\/\/cemyri.es\/es\/wp-json\/wp\/v2\/posts\/27575\/revisions\/27915"}],"wp:featuredmedia":[{"embeddable":true,"href":"https:\/\/cemyri.es\/es\/wp-json\/wp\/v2\/media\/27574"}],"wp:attachment":[{"href":"https:\/\/cemyri.es\/es\/wp-json\/wp\/v2\/media?parent=27575"}],"wp:term":[{"taxonomy":"category","embeddable":true,"href":"https:\/\/cemyri.es\/es\/wp-json\/wp\/v2\/categories?post=27575"},{"taxonomy":"post_tag","embeddable":true,"href":"https:\/\/cemyri.es\/es\/wp-json\/wp\/v2\/tags?post=27575"}],"curies":[{"name":"wp","href":"https:\/\/api.w.org\/{rel}","templated":true}]}}