{"id":377,"date":"2013-07-23T12:17:17","date_gmt":"2013-07-23T10:17:17","guid":{"rendered":"http:\/\/www.cemyri.es\/?p=377"},"modified":"2013-07-23T12:17:17","modified_gmt":"2013-07-23T10:17:17","slug":"xiv-congreso-de-inmigracion","status":"publish","type":"post","link":"https:\/\/cemyri.es\/es\/2013\/07\/23\/xiv-congreso-de-inmigracion\/","title":{"rendered":"XIV Congreso de Inmigraci\u00f3n"},"content":{"rendered":"<p>El\u00a0<a title=\"Laboratorio de Antropolog\u00eda Social y Cultural de la Universidad de Almer\u00eda\" href=\"http:\/\/www.lasc.es\/\">Laboratorio de Antropolog\u00eda Social y Cultural de la Universidad de Almer\u00eda<\/a>\u00a0organiza la decimocuarta edici\u00f3n del Congreso de Inmigraci\u00f3n; esta vez enfocado al an\u00e1lisis de la Inmigraci\u00f3n en tiempos de crisis.<\/p>\n<p>Este encuentro sobre Patrimonio Cultural, Etnogr\u00e1fico y Art\u00edstico de las dos Orillas (Espa\u00f1a-Marruecos) es una actividad recogida dentro del Programa POCTEFEX. Proyecto \u201cPARALELO 36\u2033 (CIME-AM), cofinanciado por el Fondo de Dearrarrollo Regional (FEDER) de la Uni\u00f3n Europea.<!--more--><\/p>\n<p>Para m\u00e1s informaci\u00f3n,\u00a0<a href=\"http:\/\/www.lasc.es\/XIII_CONGRESO\/congreso.htm\" target=\"_blank\">visita la p\u00e1gina web<\/a>\u00a0que el Laboratorio de Antropolog\u00eda Social y Cultural de la Universidad de Almer\u00eda ha dedicado al congreso.<\/p>\n<p style=\"text-align: center;\"><strong><a title=\"Inscr\u00edbete al XIV Congreso de Inmigraci\u00f3n\" href=\"http:\/\/www.lasc.es\/XIII_CONGRESO\/hoja_inscripcion.docx\">INSCRIPCI\u00d3N ONLINE<\/a><\/strong><\/p>\n<p>El L.A.S.C. oferta 20 becas (cuota reducida a 40\u20ac) para las primeras personas que acrediten una situaci\u00f3n de desempleo, incluidos estudiantes. En estos casos la inscripci\u00f3n ha de realizarse directamente en la Secretaria del Congreso, a fin de comprobar documentaci\u00f3n.<\/p>\n<p style=\"text-align: center;\"><a href=\"http:\/\/issuu.com\/cemyri\/docs\/bases_comunicaciones?e=0\" target=\"_blank\"><strong>BASES PARA LA PRESENTACI\u00d3N DE COMUNICACIONES<\/strong><\/a><\/p>\n","protected":false},"excerpt":{"rendered":"<p>El\u00a0Laboratorio de Antropolog\u00eda Social y Cultural de la Universidad de Almer\u00eda\u00a0organiza la decimocuarta edici\u00f3n del Congreso de Inmigraci\u00f3n; esta vez enfocado al an\u00e1lisis de la Inmigraci\u00f3n en tiempos de crisis. Este encuentro sobre Patrimonio Cultural, Etnogr\u00e1fico y Art\u00edstico de las dos Orillas (Espa\u00f1a-Marruecos) es una actividad recogida dentro del Programa POCTEFEX. Proyecto \u201cPARALELO 36\u2033 (CIME-AM),&#8230;<\/p>\n","protected":false},"author":2,"featured_media":0,"comment_status":"closed","ping_status":"closed","sticky":false,"template":"","format":"standard","meta":{"footnotes":""},"categories":[3],"tags":[],"class_list":["post-377","post","type-post","status-publish","format-standard","hentry","category-noticias"],"_links":{"self":[{"href":"https:\/\/cemyri.es\/es\/wp-json\/wp\/v2\/posts\/377","targetHints":{"allow":["GET"]}}],"collection":[{"href":"https:\/\/cemyri.es\/es\/wp-json\/wp\/v2\/posts"}],"about":[{"href":"https:\/\/cemyri.es\/es\/wp-json\/wp\/v2\/types\/post"}],"author":[{"embeddable":true,"href":"https:\/\/cemyri.es\/es\/wp-json\/wp\/v2\/users\/2"}],"replies":[{"embeddable":true,"href":"https:\/\/cemyri.es\/es\/wp-json\/wp\/v2\/comments?post=377"}],"version-history":[{"count":0,"href":"https:\/\/cemyri.es\/es\/wp-json\/wp\/v2\/posts\/377\/revisions"}],"wp:attachment":[{"href":"https:\/\/cemyri.es\/es\/wp-json\/wp\/v2\/media?parent=377"}],"wp:term":[{"taxonomy":"category","embeddable":true,"href":"https:\/\/cemyri.es\/es\/wp-json\/wp\/v2\/categories?post=377"},{"taxonomy":"post_tag","embeddable":true,"href":"https:\/\/cemyri.es\/es\/wp-json\/wp\/v2\/tags?post=377"}],"curies":[{"name":"wp","href":"https:\/\/api.w.org\/{rel}","templated":true}]}}